{"id":18559,"date":"2020-03-06T00:00:00","date_gmt":"2020-03-06T00:00:00","guid":{"rendered":"https:\/\/www.agrinventory.com\/news\/internationella-kvinnodagen-2020\/"},"modified":"2025-10-16T23:34:33","modified_gmt":"2025-10-16T23:34:33","slug":"internationella-kvinnodagen-2020","status":"publish","type":"news","link":"https:\/\/www.agrinventory.com\/sv\/news\/internationella-kvinnodagen-2020\/","title":{"rendered":"Internationella kvinnodagen 2020"},"content":{"rendered":"\n<p>Internationella kvinnodagen 2020 \u00e4r en tid f\u00f6r att fira kvinnors prestationer, f\u00f6r att \u00f6ka medvetenheten mot f\u00f6rdomar och f\u00f6r att vidta \u00e5tg\u00e4rder f\u00f6r j\u00e4mst\u00e4lldhet. Och hur underbart \u00e4r det inte att det finns ett specifikt uppdrag i \u00e5r &#8220;att fira digitala framsteg och k\u00e4mpa f\u00f6r de kvinnor som skapar innovation genom teknik&#8221;. <\/p>\n\n<p>Det finns naturligtvis fortfarande mycket att g\u00f6ra n\u00e4r det g\u00e4ller j\u00e4mst\u00e4lldhet mellan k\u00f6nen runt om i v\u00e4rlden. Men jag f\u00f6r min del \u00e4r otroligt stolt \u00f6ver att vara en del av ett isl\u00e4ndskt teknikf\u00f6retag som g\u00f6r framsteg p\u00e5 s\u00e5 m\u00e5nga fronter. <\/p>\n\n<p>P\u00e5 v\u00e5rt kontor \u00e4r kvinnorna ofta fler \u00e4n m\u00e4nnen i rummet. Det finns ett st\u00e4ndigt st\u00f6d och uppmuntran f\u00f6r v\u00e5ra kvinnliga dataingenj\u00f6rer, dataanalytiker, konsulter och marknadsf\u00f6rare. Kvinnor innehar m\u00e5nga ledande befattningar. Vi \u00e4r ett l\u00f6nsamt och v\u00e4xande f\u00f6retag, trots att kvinnliga anst\u00e4llda kommer och g\u00e5r p\u00e5 sin mammaledighet och uppfyller familje\u00e5taganden vid sidan av sitt arbete. (Och det g\u00e4ller \u00e4ven m\u00e4nnen p\u00e5 v\u00e5rt kontor!)    <\/p>\n\n<h4 class=\"wp-block-heading\"><strong>Omfamna #EachforEqual  <\/strong><\/h4>\n\n<p>Inom teknikbranschen \u00e4r AGR Dynamics ett utm\u00e4rkt exempel p\u00e5 vad som kan uppn\u00e5s med en kultur av m\u00f6jligg\u00f6rande och positivitet. F\u00f6r att l\u00e5na Internationella kvinnodagens ord arbetar vi f\u00f6r &#8220;en j\u00e4mlik v\u00e4rld, och det \u00e4r en v\u00e4rld med m\u00f6jligheter&#8221;. <\/p>\n\n<p>Kvinnor \u00e4r v\u00e4l representerade i AGR Dynamics ledningsgrupp: v\u00e5r CFO \u00e4r en kvinna, v\u00e5r utvecklingschef \u00e4r en kvinna och v\u00e5r chef f\u00f6r AGR Services \u00e4r en kvinna. Det finns en n\u00e4rvaro av kvinnor inte bara p\u00e5 det isl\u00e4ndska huvudkontoret, utan \u00e4ven p\u00e5 v\u00e5ra kontor i Kanada, Norge, Sverige, Danmark och Storbritannien och blir allt starkare. <\/p>\n\n<h4 class=\"wp-block-heading\"><strong>N\u00e4sta generations teknikledare  <\/strong><\/h4>\n\n<p>Det mest uppmuntrande \u00e4r att vi som f\u00f6retag inspirerar och utbildar n\u00e4sta generation av kvinnliga teknikledare. Beg\u00e5vade kvinnor ansluter sig till AGR Dynamics \u2013 m\u00e5nga har tagit examen inom IT och teknik direkt fr\u00e5n college \u2013 och skapar fruktbara, l\u00e5ngsiktiga karri\u00e4rer. Vissa g\u00e5r vidare f\u00f6r att ta masterexamen och \u00e5terv\u00e4nder sedan till oss, lockade tillbaka av den familjev\u00e4nliga kulturen och karri\u00e4rm\u00f6jligheterna som erbjuds.    <\/p>\n\n<h4 class=\"wp-block-heading\"><strong>Island ligger p\u00e5 f\u00f6rsta plats n\u00e4r det g\u00e4ller j\u00e4mst\u00e4lldhet mellan k\u00f6nen<\/strong><\/h4>\n\n<p>Det hj\u00e4lper att vi \u00e4r ett isl\u00e4ndskt f\u00f6retag. F\u00f6r 11:e \u00e5ret i rad \u00e4r Island det land som rankas f\u00f6rst i World Economic Forums Gen\u00e8ve Equality List. <\/p>\n\n<p>Och kvinnor utg\u00f6r 33,5 procent av styrelserna i f\u00f6retag med 50 eller fler anst\u00e4llda, enligt de senaste siffrorna fr\u00e5n Isl\u00e4ndska statistikcentralen.<\/p>\n\n<p>Jag tror att den viktigaste l\u00e4rdomen Island kan ge andra nationer \u00e4r att det inte p\u00e5verkar n\u00e4ringslivet negativt att ge j\u00e4mst\u00e4lldhet en chans, om den sk\u00f6ts v\u00e4l. Vi p\u00e5 AGR Dynamics \u00e4r ett levande bevis p\u00e5 det.   <\/p>\n\n<h4 class=\"wp-block-heading\"><strong>Att agera f\u00f6r j\u00e4mlikhet  <\/strong><\/h4>\n\n<p>Internationella kvinnodagen 2020 \u00e4r en tid f\u00f6r att fira kvinnors prestationer, f\u00f6r att \u00f6ka medvetenheten mot f\u00f6rdomar och f\u00f6r att vidta \u00e5tg\u00e4rder f\u00f6r j\u00e4mst\u00e4lldhet. Och hur underbart \u00e4r det inte att det finns ett specifikt uppdrag i \u00e5r &#8220;att fira digitala framsteg och k\u00e4mpa f\u00f6r de kvinnor som skapar innovation genom teknik&#8221;. <\/p>\n\n<p>Det finns naturligtvis fortfarande mycket att g\u00f6ra n\u00e4r det g\u00e4ller j\u00e4mst\u00e4lldhet mellan k\u00f6nen runt om i v\u00e4rlden. Men jag f\u00f6r min del \u00e4r otroligt stolt \u00f6ver att vara en del av ett isl\u00e4ndskt teknikf\u00f6retag som g\u00f6r framsteg p\u00e5 s\u00e5 m\u00e5nga fronter.   <\/p>\n\n<p>Nedan \u00e4r de flesta av kvinnorna som g\u00f6r AGR Dynamics s\u00e5 bra:<\/p>\n\n<p>Kvinnorna p\u00e5 det isl\u00e4ndska AGR Dynamics-kontoret. \u00d6vre raden: Anna Lilja P\u00e1lsd\u00f3ttir, Arnd\u00eds \u00ddr Haf\u00fe\u00f3rsd\u00f3ttir, Rakel R\u00fanarsd\u00f3ttir, Agnes J\u00f3hannsd\u00f3ttir, Rebekka J\u00f3hannsd\u00f3ttir, Helena \u00d3lafsd\u00f3ttir, \u00c1sta Sigr\u00ed\u00f0ur Har\u00f0ard\u00f3ttir, Eyr\u00fan Engilbertsd\u00f3ttir, Elena Losievskaja. Nedersta raden: \u00c1str\u00f3s Eir Kristinsd\u00f3ttir, Anna Gu\u00f0bj\u00f6rg Cowden, \u00cdris Bj\u00f6rk Snorrad\u00f3ttir och Vigd\u00eds Birna \u00deorsteinsd\u00f3ttir. Inte med p\u00e5 bilden:\u00de\u00f3rd\u00eds Bj\u00f6rk Sigur\u00fe\u00f3rsd\u00f3ttir, Rannveig Gu\u00f0mundsd\u00f3ttir, Sigr\u00fan Gunnhildard\u00f3ttir, Elva Sif Ing\u00f3lfsd\u00f3ttir, Andrea Gunnarsd\u00f3ttir, \u00de\u00f3rhildur Jensd\u00f3ttir   <\/p>\n\n<p>Kvinnorna p\u00e5 AGR:s nordiska kontor i K\u00f6penhamn. \u00d6vre raden: Dana Rut Gunnarsd\u00f3ttir, Fannd\u00eds Kristinsd\u00f3ttir, Magnea Gunnarsd\u00f3ttir, \u00de\u00f3runn Sif Ingimundard\u00f3ttir. Nedre raden: Brynja Rut Bl\u00f6ndal, Karolina Kralikova, Hildur Gu\u00f0mundsd\u00f3ttir. Saknas p\u00e5 bilden: Halla Mar\u00eda Hjartard\u00f3ttir, Mette L\u00f8ffer Obel.     <\/p>\n\n<p>Julie Jenne h\u00e5ller st\u00e4llningarna p\u00e5 v\u00e5rt AGR Dynamics UK-kontor.<\/p>\n\n<p>#IWD2020 #eachforequal #womenintech #genderquality<\/p>\n","protected":false},"excerpt":{"rendered":"<p>Vi firar Internationella kvinnodagen 2020 med AGR och lyfter fram v\u00e5rt engagemang f\u00f6r m\u00e5ngfald och inkludering.<\/p>\n","protected":false},"author":15,"featured_media":13842,"template":"","class_list":["post-18559","news","type-news","status-publish","has-post-thumbnail","hentry"],"acf":[],"_links":{"self":[{"href":"https:\/\/www.agrinventory.com\/sv\/wp-json\/wp\/v2\/news\/18559","targetHints":{"allow":["GET"]}}],"collection":[{"href":"https:\/\/www.agrinventory.com\/sv\/wp-json\/wp\/v2\/news"}],"about":[{"href":"https:\/\/www.agrinventory.com\/sv\/wp-json\/wp\/v2\/types\/news"}],"author":[{"embeddable":true,"href":"https:\/\/www.agrinventory.com\/sv\/wp-json\/wp\/v2\/users\/15"}],"wp:featuredmedia":[{"embeddable":true,"href":"https:\/\/www.agrinventory.com\/sv\/wp-json\/wp\/v2\/media\/13842"}],"wp:attachment":[{"href":"https:\/\/www.agrinventory.com\/sv\/wp-json\/wp\/v2\/media?parent=18559"}],"curies":[{"name":"wp","href":"https:\/\/api.w.org\/{rel}","templated":true}]}}